{"id":123,"date":"2022-04-27T13:44:23","date_gmt":"2022-04-27T11:44:23","guid":{"rendered":"https:\/\/reoptis.pl\/blog\/?p=123"},"modified":"2022-04-27T13:46:46","modified_gmt":"2022-04-27T11:46:46","slug":"laserowa-korekcja-wzroku-wizyta-kwalifikacyjna-krok-po-kroku","status":"publish","type":"post","link":"https:\/\/reoptis.pl\/blog\/laserowa-korekcja-wzroku-wizyta-kwalifikacyjna-krok-po-kroku\/","title":{"rendered":"Laserowa korekcja wzroku- wizyta kwalifikacyjna krok po kroku"},"content":{"rendered":"\n<p>Kwalifikacja do laserowej korekcji wady wzroku jest procesem dwuetapowym. Na pierwszym etapie pacjent trafia na wizyt\u0119 okulistyczn\u0105, gdzie oceniane s\u0105 mo\u017cliwo\u015bci do przeprowadzenia procedury chirurgicznej.<br>Na wizycie lekarz okulista przeprowadza wywiad dotycz\u0105cy historii korekcji wady wzroku u pacjenta oraz wyst\u0119puj\u0105cych w rodzinie i u pacjenta chor\u00f3b okulistycznych oraz og\u00f3lnych.<br>Nast\u0119pnie wykonywane s\u0105 takie badania jak:<\/p>\n\n\n\n<ul class=\"wp-block-list\"><li>topografia rog\u00f3wki, w trakcie kt\u00f3rej oceniana jest astygmatyzm oraz prawid\u0142owo\u015b\u0107 budowy rog\u00f3wki,<\/li><\/ul>\n\n\n\n<div class=\"wp-block-columns is-layout-flex wp-container-core-columns-is-layout-9d6595d7 wp-block-columns-is-layout-flex\">\n<div class=\"wp-block-column is-layout-flow wp-block-column-is-layout-flow\">\n<figure class=\"wp-block-image size-large\"><img loading=\"lazy\" decoding=\"async\" width=\"1024\" height=\"768\" src=\"https:\/\/reoptis.pl\/blog\/wp-content\/uploads\/2022\/04\/IMG-20190308-WA0012-1024x768.jpg\" alt=\"\" class=\"wp-image-124\" srcset=\"https:\/\/reoptis.pl\/blog\/wp-content\/uploads\/2022\/04\/IMG-20190308-WA0012-1024x768.jpg 1024w, https:\/\/reoptis.pl\/blog\/wp-content\/uploads\/2022\/04\/IMG-20190308-WA0012-300x225.jpg 300w, https:\/\/reoptis.pl\/blog\/wp-content\/uploads\/2022\/04\/IMG-20190308-WA0012-768x576.jpg 768w, https:\/\/reoptis.pl\/blog\/wp-content\/uploads\/2022\/04\/IMG-20190308-WA0012-1536x1152.jpg 1536w, https:\/\/reoptis.pl\/blog\/wp-content\/uploads\/2022\/04\/IMG-20190308-WA0012-600x450.jpg 600w, https:\/\/reoptis.pl\/blog\/wp-content\/uploads\/2022\/04\/IMG-20190308-WA0012.jpg 1600w\" sizes=\"auto, (max-width: 1024px) 100vw, 1024px\" \/><\/figure>\n<\/div>\n\n\n\n<div class=\"wp-block-column is-layout-flow wp-block-column-is-layout-flow\">\n<figure class=\"wp-block-image size-large\"><img loading=\"lazy\" decoding=\"async\" width=\"1024\" height=\"768\" src=\"https:\/\/reoptis.pl\/blog\/wp-content\/uploads\/2022\/04\/20190219_130559-1024x768.jpg\" alt=\"\" class=\"wp-image-125\" srcset=\"https:\/\/reoptis.pl\/blog\/wp-content\/uploads\/2022\/04\/20190219_130559-1024x768.jpg 1024w, https:\/\/reoptis.pl\/blog\/wp-content\/uploads\/2022\/04\/20190219_130559-300x225.jpg 300w, https:\/\/reoptis.pl\/blog\/wp-content\/uploads\/2022\/04\/20190219_130559-768x576.jpg 768w, https:\/\/reoptis.pl\/blog\/wp-content\/uploads\/2022\/04\/20190219_130559-1536x1152.jpg 1536w, https:\/\/reoptis.pl\/blog\/wp-content\/uploads\/2022\/04\/20190219_130559-2048x1536.jpg 2048w, https:\/\/reoptis.pl\/blog\/wp-content\/uploads\/2022\/04\/20190219_130559-600x450.jpg 600w\" sizes=\"auto, (max-width: 1024px) 100vw, 1024px\" \/><\/figure>\n<\/div>\n<\/div>\n\n\n\n<ul class=\"wp-block-list\"><li>okre\u015blenie najlepszej mo\u017cliwej do osi\u0105gni\u0119cia ostro\u015bci wzroku oraz stopnia niedowidzenia (o ile takie wyst\u0119puje),<\/li><li>okre\u015blenie wady wzroku \u2013 zar\u00f3wno przed jak i po podaniu kropli rozszerzaj\u0105cych \u017arenic\u0119,<\/li><\/ul>\n\n\n\n<div class=\"wp-block-columns is-layout-flex wp-container-core-columns-is-layout-9d6595d7 wp-block-columns-is-layout-flex\">\n<div class=\"wp-block-column is-layout-flow wp-block-column-is-layout-flow\">\n<figure class=\"wp-block-gallery has-nested-images columns-default is-cropped wp-block-gallery-1 is-layout-flex wp-block-gallery-is-layout-flex\">\n<figure class=\"wp-block-image size-large\"><img loading=\"lazy\" decoding=\"async\" width=\"1024\" height=\"768\" data-id=\"126\" src=\"https:\/\/reoptis.pl\/blog\/wp-content\/uploads\/2022\/04\/IMG-20190308-WA0013-1024x768.jpg\" alt=\"\" class=\"wp-image-126\" srcset=\"https:\/\/reoptis.pl\/blog\/wp-content\/uploads\/2022\/04\/IMG-20190308-WA0013-1024x768.jpg 1024w, https:\/\/reoptis.pl\/blog\/wp-content\/uploads\/2022\/04\/IMG-20190308-WA0013-300x225.jpg 300w, https:\/\/reoptis.pl\/blog\/wp-content\/uploads\/2022\/04\/IMG-20190308-WA0013-768x576.jpg 768w, https:\/\/reoptis.pl\/blog\/wp-content\/uploads\/2022\/04\/IMG-20190308-WA0013-1536x1152.jpg 1536w, https:\/\/reoptis.pl\/blog\/wp-content\/uploads\/2022\/04\/IMG-20190308-WA0013-600x450.jpg 600w, https:\/\/reoptis.pl\/blog\/wp-content\/uploads\/2022\/04\/IMG-20190308-WA0013.jpg 1600w\" sizes=\"auto, (max-width: 1024px) 100vw, 1024px\" \/><\/figure>\n<\/figure>\n<\/div>\n\n\n\n<div class=\"wp-block-column is-layout-flow wp-block-column-is-layout-flow\">\n<figure class=\"wp-block-image size-large\"><img loading=\"lazy\" decoding=\"async\" width=\"1024\" height=\"768\" src=\"https:\/\/reoptis.pl\/blog\/wp-content\/uploads\/2022\/04\/20190219_131210-1024x768.jpg\" alt=\"\" class=\"wp-image-127\" srcset=\"https:\/\/reoptis.pl\/blog\/wp-content\/uploads\/2022\/04\/20190219_131210-1024x768.jpg 1024w, https:\/\/reoptis.pl\/blog\/wp-content\/uploads\/2022\/04\/20190219_131210-300x225.jpg 300w, https:\/\/reoptis.pl\/blog\/wp-content\/uploads\/2022\/04\/20190219_131210-768x576.jpg 768w, https:\/\/reoptis.pl\/blog\/wp-content\/uploads\/2022\/04\/20190219_131210-1536x1152.jpg 1536w, https:\/\/reoptis.pl\/blog\/wp-content\/uploads\/2022\/04\/20190219_131210-2048x1536.jpg 2048w, https:\/\/reoptis.pl\/blog\/wp-content\/uploads\/2022\/04\/20190219_131210-600x450.jpg 600w\" sizes=\"auto, (max-width: 1024px) 100vw, 1024px\" \/><\/figure>\n<\/div>\n<\/div>\n\n\n\n<ul class=\"wp-block-list\"><li>dok\u0142adne badanie dna oka,<\/li><\/ul>\n\n\n\n<div class=\"wp-block-image\"><figure class=\"aligncenter size-large is-resized\"><img loading=\"lazy\" decoding=\"async\" src=\"https:\/\/reoptis.pl\/blog\/wp-content\/uploads\/2022\/04\/20190219_134001-1024x768.jpg\" alt=\"\" class=\"wp-image-128\" width=\"400\" height=\"300\" srcset=\"https:\/\/reoptis.pl\/blog\/wp-content\/uploads\/2022\/04\/20190219_134001-1024x768.jpg 1024w, https:\/\/reoptis.pl\/blog\/wp-content\/uploads\/2022\/04\/20190219_134001-300x225.jpg 300w, https:\/\/reoptis.pl\/blog\/wp-content\/uploads\/2022\/04\/20190219_134001-768x576.jpg 768w, https:\/\/reoptis.pl\/blog\/wp-content\/uploads\/2022\/04\/20190219_134001-1536x1152.jpg 1536w, https:\/\/reoptis.pl\/blog\/wp-content\/uploads\/2022\/04\/20190219_134001-2048x1536.jpg 2048w, https:\/\/reoptis.pl\/blog\/wp-content\/uploads\/2022\/04\/20190219_134001-600x450.jpg 600w\" sizes=\"auto, (max-width: 400px) 100vw, 400px\" \/><\/figure><\/div>\n\n\n\n<ul class=\"wp-block-list\"><li>pomiar ci\u015bnienia wewn\u0105trzga\u0142kowego.<\/li><\/ul>\n\n\n\n<p>Na podstawie powy\u017cszych pomiar\u00f3w lekarz ocenia, czy pacjent kwalifikuje si\u0119 do laserowej korekcji wady wzroku, jaka metoda b\u0119dzie dla niego najlepsza oraz czy wada wzroku pacjenta ma szans\u0119 zosta\u0107 usuni\u0119ta w ca\u0142o\u015bci.<br>Wizyty takie przeprowadzaj\u0105 nasi operatorzy: dr Ma\u0142gorzata Tomczak oraz dr Marcin Sas.<\/p>\n\n\n\n<p>W drugim etapie pacjent trafia na optometryczne badanie przedoperacyjne w dniu zabiegu, w trakcie kt\u00f3rego zbierany jest pog\u0142\u0119biony wywiad piel\u0119gniarski i epidemiologiczny, kwestionariusz oraz podpisywana jest zgoda na zabieg.<br>Optometrysta wykonuje precyzyjny pomiar wady wzroku z u\u015bci\u015bleniem astygmatyzmu, okre\u015bla ponownie najlepsz\u0105 mo\u017cliw\u0105 do osi\u0105gni\u0119cia ostro\u015b\u0107 wzroku, sprawdza poziom widzenia przestrzennego w korekcji, mierzy parametry z zakresu biometrii optycznej oraz w razie konieczno\u015bci powtarza topografi\u0119 rog\u00f3wki lub badanie optycznej koherentnej tomografii (OCT).<\/p>\n\n\n\n<p>Nast\u0119pnie pacjent jest przygotowywany do zabiegu przez piel\u0119gniarki okulistyczne, a optometrysta wraz operatorem programuje zabieg w laserze.<\/p>\n\n\n\n<p>Wi\u0119cej informacji o zabiegu: <a href=\"https:\/\/www.szpitalswwojciecha.pl\/zabieg\/okulistyka\/laserowa-korekcja-wzroku\/\">LASEROWA KOREKCJA WZROKU<\/a><\/p>\n","protected":false},"excerpt":{"rendered":"<p>Kwalifikacja do laserowej korekcji wady wzroku jest procesem dwuetapowym. Na pierwszym etapie pacjent trafia na wizyt\u0119 okulistyczn\u0105, gdzie oceniane s\u0105 mo\u017cliwo\u015bci do przeprowadzenia procedury chirurgicznej.Na &#8230;. <\/p>\n","protected":false},"author":2,"featured_media":128,"comment_status":"closed","ping_status":"open","sticky":false,"template":"","format":"standard","meta":{"footnotes":""},"categories":[2],"tags":[11,9,10,13,12,7,15],"class_list":["post-123","post","type-post","status-publish","format-standard","has-post-thumbnail","hentry","category-laserowa-korekcja-wzroku","tag-ebk","tag-laserowa-korekcja-wzroku","tag-lasik","tag-malgorzata-tomczak","tag-tomczak","tag-wadawzroku","tag-zabieg"],"_links":{"self":[{"href":"https:\/\/reoptis.pl\/blog\/wp-json\/wp\/v2\/posts\/123","targetHints":{"allow":["GET"]}}],"collection":[{"href":"https:\/\/reoptis.pl\/blog\/wp-json\/wp\/v2\/posts"}],"about":[{"href":"https:\/\/reoptis.pl\/blog\/wp-json\/wp\/v2\/types\/post"}],"author":[{"embeddable":true,"href":"https:\/\/reoptis.pl\/blog\/wp-json\/wp\/v2\/users\/2"}],"replies":[{"embeddable":true,"href":"https:\/\/reoptis.pl\/blog\/wp-json\/wp\/v2\/comments?post=123"}],"version-history":[{"count":1,"href":"https:\/\/reoptis.pl\/blog\/wp-json\/wp\/v2\/posts\/123\/revisions"}],"predecessor-version":[{"id":129,"href":"https:\/\/reoptis.pl\/blog\/wp-json\/wp\/v2\/posts\/123\/revisions\/129"}],"wp:featuredmedia":[{"embeddable":true,"href":"https:\/\/reoptis.pl\/blog\/wp-json\/wp\/v2\/media\/128"}],"wp:attachment":[{"href":"https:\/\/reoptis.pl\/blog\/wp-json\/wp\/v2\/media?parent=123"}],"wp:term":[{"taxonomy":"category","embeddable":true,"href":"https:\/\/reoptis.pl\/blog\/wp-json\/wp\/v2\/categories?post=123"},{"taxonomy":"post_tag","embeddable":true,"href":"https:\/\/reoptis.pl\/blog\/wp-json\/wp\/v2\/tags?post=123"}],"curies":[{"name":"wp","href":"https:\/\/api.w.org\/{rel}","templated":true}]}}